[{"@context":"https:\/\/schema.org\/","@type":"Article","@id":"https:\/\/www.anpu.cz\/zakladni-fakta-nemocenska\/#Article","mainEntityOfPage":"https:\/\/www.anpu.cz\/zakladni-fakta-nemocenska\/","headline":"Z\u00e1kladn\u00ed fakta \u2013 nemocensk\u00e1","name":"Z\u00e1kladn\u00ed fakta \u2013 nemocensk\u00e1","description":"Ne v\u017edy se \u010dlov\u011bk c\u00edt\u00ed dob\u0159e. Na zm\u011bnu ro\u010dn\u00edch obdob\u00ed reaguje na\u0161e t\u011blo r\u016fznou cestou. N\u011bkdy se m\u016f\u017ee st\u00e1t, \u017ee se nec\u00edt\u00edme \u00fapln\u011b nejl\u00e9pe, tud\u00ed\u017e jsme se mohli n\u011bkde nachladit a jsme nachlazen\u00ed nebo jsme se n\u011bkde nastydli \u010di p\u0159i\u0161li do kontaktu s jin\u00fdmi nemocn\u00fdmi lidmi a m\u00e1me infek\u010dn\u00ed, virov\u00e9 \u010di bakteri\u00e1ln\u00ed onemocn\u011bn\u00ed. V podobn\u00fdch [&hellip;]","datePublished":"2020-01-27","dateModified":"2020-01-27","author":{"@type":"Person","@id":"https:\/\/www.anpu.cz\/author\/#Person","name":"","url":"https:\/\/www.anpu.cz\/author\/","identifier":1,"image":{"@type":"ImageObject","@id":"https:\/\/secure.gravatar.com\/avatar\/4006af731f458a56e90e1a4ecbb37f08f11b51b80cb9267b6a6e5547922ff49d?s=96&d=mm&r=g","url":"https:\/\/secure.gravatar.com\/avatar\/4006af731f458a56e90e1a4ecbb37f08f11b51b80cb9267b6a6e5547922ff49d?s=96&d=mm&r=g","height":96,"width":96}},"publisher":{"@type":"Organization","name":"anpu.cz","logo":{"@type":"ImageObject","@id":"\/logo.png","url":"\/logo.png","width":600,"height":60}},"image":{"@type":"ImageObject","@id":"https:\/\/www.anpu.cz\/wp-content\/uploads\/img_a378368_w3011_t1589537970.jpg","url":"https:\/\/www.anpu.cz\/wp-content\/uploads\/img_a378368_w3011_t1589537970.jpg","height":0,"width":0},"url":"https:\/\/www.anpu.cz\/zakladni-fakta-nemocenska\/","about":["Www"],"wordCount":480,"articleBody":"      Ne v\u017edy se \u010dlov\u011bk c\u00edt\u00ed dob\u0159e. Na zm\u011bnu ro\u010dn\u00edch obdob\u00ed reaguje na\u0161e t\u011blo r\u016fznou cestou. N\u011bkdy se m\u016f\u017ee st\u00e1t, \u017ee se nec\u00edt\u00edme \u00fapln\u011b nejl\u00e9pe, tud\u00ed\u017e jsme se mohli n\u011bkde nachladit a jsme nachlazen\u00ed nebo jsme se n\u011bkde nastydli \u010di p\u0159i\u0161li do kontaktu s jin\u00fdmi nemocn\u00fdmi lidmi a m\u00e1me infek\u010dn\u00ed, virov\u00e9 \u010di bakteri\u00e1ln\u00ed onemocn\u011bn\u00ed. V podobn\u00fdch p\u0159\u00edpadech mus\u00edme z\u016fstat doma a l\u00e9\u010dit se. V\u011bt\u0161inou sta\u010d\u00ed p\u0159edepsan\u00e9 l\u00e9ky a klid na l\u016f\u017eku. Dostatek tekutin tak\u00e9 p\u0159isp\u00edv\u00e1 k uzdraven\u00ed. Teplo a klid a za \u010dtrn\u00e1ct dn\u00ed jsme v\u011bt\u0161inou jako rybi\u010dky. Ot\u00e1zkou v\u0161ak z\u016fst\u00e1v\u00e1, jak je to v podobn\u00fdch p\u0159\u00edpadech s placen\u00edm. Pod\u00edv\u00e1me se na podobn\u00e1 fakta hned p\u011bkn\u011b z bl\u00edzka.   Ro\u010dn\u00ed da\u0148ov\u00e1 sleva \u010din\u00ed p\u0159es dvacet \u010dty\u0159i tis\u00edc korun. Ta se uplat\u0148uje v da\u0148ov\u00e9m p\u0159izn\u00e1n\u00ed jednou za rok. Tak\u017ee jak je to v obdob\u00ed, kdy\u017e jsme na nemocensk\u00e9? Nemocensk\u00e1 Nebankovn\u00ed hypot\u00e9ky \u00fav\u011bry je t\u00e9ma, na kter\u00e9 se pt\u00e1 mnoho klient\u016f. Zodpov\u00edme si tedy z\u00e1kladn\u00ed fakta. Pokud z\u016fstanete doma z d\u016fvodu nemoci, pak se da\u0148 z p\u0159\u00edjm\u016f neodv\u00e1d\u00ed. Nemocensk\u00e1 je od dan\u00ed osvobozena a to a\u017e do \u010d\u00e1stky 439 200K\u010d.  V ten okam\u017eik V\u00e1m n\u00e1le\u017e\u00ed takzvan\u00e1 vratka na dani. Toho m\u016f\u017ee ka\u017ed\u00fd vyu\u017e\u00edt.  Pokud jste zam\u011bstnancem a b\u011b\u017en\u011b pracujete n\u011bkde ve firm\u011b a jste nemocn\u00ed, m\u016f\u017eete vyu\u017e\u00edt t\u00e9to vratky. Del\u0161\u00ed obdob\u00ed, po kter\u00e9 z\u016fst\u00e1v\u00e1te doma, se m\u016f\u017ee projevit v ro\u010dn\u00edm z\u00fa\u010dtov\u00e1n\u00ed. Pokud odv\u00e1d\u00edte dan\u011b z p\u0159\u00edjmu, m\u00e1te n\u00e1rok na to, aby se to v ro\u010dn\u00edm z\u00fa\u010dtov\u00e1n\u00ed projevilo a jakmile V\u00e1\u0161 zam\u011bstnavatel V\u00e1m pod\u00e1 ro\u010dn\u00ed z\u00fa\u010dtov\u00e1n\u00ed p\u0159\u00edjm\u016f, mohou V\u00e1m vr\u00e1tit da\u0148ov\u00fd p\u0159eplatek.  V\u0161e si mus\u00edte pohl\u00eddat Nen\u00ed jednoduch\u00e9 vyznat se ve v\u0161ech t\u011bch z\u00e1konech a pravidlech. Ov\u0161em toto si m\u016f\u017eete pohl\u00eddat. Je to pouze ve Va\u0161em z\u00e1jmu. Samoz\u0159ejm\u011b, \u017ee na dan\u00fd faktor m\u016f\u017ee m\u00edt projev je\u0161t\u011b mnoho dal\u0161\u00edch v\u011bc\u00ed, jako jsou da\u0148ov\u00e9 \u00falevy, slevy na dani a dal\u0161\u00ed situace. Tato v\u011bc se v\u0161ak ned\u011bl\u00e1 automaticky, tak\u017ee je pot\u0159eba si ji pohl\u00eddat. Zam\u011bstnanec o ni mus\u00ed sv\u00e9ho zam\u011bstnavatele po\u017e\u00e1dat. Ro\u010dn\u00ed z\u00fa\u010dtov\u00e1n\u00ed se d\u011bl\u00e1 do konce b\u0159ezna a to v\u017edy na p\u0159\u00edjmy v p\u0159edch\u00e1zej\u00edc\u00edm roce.                                                                                                                                                                                                                                                                                                                                                                                          4\/5 - (7 votes)        "},{"@context":"https:\/\/schema.org\/","@type":"BreadcrumbList","itemListElement":[{"@type":"ListItem","position":1,"name":"Z\u00e1kladn\u00ed fakta \u2013 nemocensk\u00e1","item":"https:\/\/www.anpu.cz\/zakladni-fakta-nemocenska\/#breadcrumbitem"}]}]