[{"@context":"https:\/\/schema.org\/","@type":"Article","@id":"https:\/\/www.anpu.cz\/mali-ctenari\/#Article","mainEntityOfPage":"https:\/\/www.anpu.cz\/mali-ctenari\/","headline":"Mal\u00ed \u010dten\u00e1\u0159i","name":"Mal\u00ed \u010dten\u00e1\u0159i","description":"Jist\u011b ka\u017ed\u00fd um\u00ed \u010d\u00edst, ale n\u011bkdo p\u0159e\u010detl slabik\u00e1\u0159 a t\u00edm to pro n\u011bj zvadlo. Mo\u017en\u00e1 tak je\u0161t\u011b ob\u010das mrkne do novin, ale jinak ho knihy nebav\u00ed. Nelze mu to zazl\u00edvat. Je ka\u017ed\u00e9ho v\u011bc, jako m\u00e1 z\u00e1bavu \u010di kon\u00ed\u010dka. Ale je t\u0159eba si uv\u011bdomit, \u017ee literatura je zde k pou\u010den\u00ed i z\u00e1bav\u011b a pokud n\u011bkdo um\u00ed [&hellip;]","datePublished":"2024-06-24","dateModified":"2024-06-24","author":{"@type":"Person","@id":"https:\/\/www.anpu.cz\/author\/#Person","name":"","url":"https:\/\/www.anpu.cz\/author\/","identifier":1,"image":{"@type":"ImageObject","@id":"https:\/\/secure.gravatar.com\/avatar\/4006af731f458a56e90e1a4ecbb37f08f11b51b80cb9267b6a6e5547922ff49d?s=96&d=mm&r=g","url":"https:\/\/secure.gravatar.com\/avatar\/4006af731f458a56e90e1a4ecbb37f08f11b51b80cb9267b6a6e5547922ff49d?s=96&d=mm&r=g","height":96,"width":96}},"publisher":{"@type":"Organization","name":"anpu.cz","logo":{"@type":"ImageObject","@id":"\/logo.png","url":"\/logo.png","width":600,"height":60}},"image":{"@type":"ImageObject","@id":"https:\/\/www.anpu.cz\/wp-content\/uploads\/starry-sky-2682559_640.jpg","url":"https:\/\/www.anpu.cz\/wp-content\/uploads\/starry-sky-2682559_640.jpg","height":0,"width":0},"url":"https:\/\/www.anpu.cz\/mali-ctenari\/","about":["Z\u00e1bava"],"wordCount":422,"articleBody":"Jist\u011b ka\u017ed\u00fd um\u00ed \u010d\u00edst, ale n\u011bkdo p\u0159e\u010detl slabik\u00e1\u0159 a t\u00edm to pro n\u011bj zvadlo. Mo\u017en\u00e1 tak je\u0161t\u011b ob\u010das mrkne do novin, ale jinak ho knihy nebav\u00ed. Nelze mu to zazl\u00edvat. Je ka\u017ed\u00e9ho v\u011bc, jako m\u00e1 z\u00e1bavu \u010di kon\u00ed\u010dka. Ale je t\u0159eba si uv\u011bdomit, \u017ee literatura je zde k pou\u010den\u00ed i z\u00e1bav\u011b a pokud n\u011bkdo um\u00ed skloubit ob\u011b v\u011bci dohromady, tak se pova\u017euje za dobr\u00e9ho spisovatele. Jen\u017ee to um\u00ed m\u00e1lokdo. V literatu\u0159e pro d\u011bti je to obzvl\u00e1\u0161\u0165 jedine\u010dn\u00e9. Kdy\u017e mohou \u010d\u00edst n\u011bco dobrodru\u017en\u00e9ho a p\u0159i tom se pou\u010dit. Je jedno v \u010dem to je, ale pou\u010dit. Nap\u0159\u00edklad knihy pana Jana Matzala Trosky kluci hltali jako zb\u011bsil\u00ed.V dobrodru\u017en\u00fdch p\u0159\u00edb\u011bz\u00edch se hrdinov\u00e9 vydali do Vesm\u00edru a pan\u00a0Troska nen\u00e1padn\u011b podsouv\u00e1 d\u011btem modern\u00ed a tehdy nov\u00e9 poznatky z fyziky, chemie a podobn\u011b. Je to velmi nen\u00e1siln\u00e1 forma, pro d\u011bti jako d\u011blan\u00e1. Knihy nesly spole\u010dn\u00fd n\u00e1zev \u201eZ\u00e1pas s nebem\u201c a byly\u00a0uchvacuj\u00edc\u00ed. Jen my, jako d\u011bti jsme se divili tomu, \u017ee jsou na M\u011bs\u00edci a Marsu obludy, tedy \u017eivot, kdy\u017e jsme se u\u010dili n\u011bco jin\u00e9ho. Teprve potom n\u00e1m bylo vysv\u011btleno, \u017ee v dob\u011b psan\u00ed t\u011bchto knih tyto poznatky je\u0161t\u011b nespat\u0159ily tak \u00fapln\u011b sv\u011btlo tohoto sv\u011bta. A slavn\u00fd kapit\u00e1n Nemo? Toho si\u00a0pan Troska prost\u011b vyp\u016fj\u010dil od pana Verneho, kter\u00fd psal knihy podobn\u00e9ho charakteru.U nich se \u010dlov\u011bk u\u010dil zase zem\u011bpisu. Ve v\u011bt\u0161in\u011b jeho knih se hrdinov\u00e9 vyd\u00e1vaj\u00ed na cesty a mal\u00fd \u010dten\u00e1\u0159 se tak nen\u00e1padn\u011b u\u010d\u00ed, kde le\u017e\u00ed, kter\u00e1 zem\u011b. Jen d\u00edky jeho knih\u00e1m n\u011bkter\u00e9 d\u011bti, ano j\u00e1 tak\u00e9, um\u011bly naj\u00edt na map\u011b n\u011bkter\u00e1 m\u011bsta a kontinenty, ani\u017e zvl\u00e1daly zem\u011bpis jako takov\u00fd. Nu v neposledn\u00ed \u0159ad\u011b nem\u016f\u017eeme zapomenout tak\u00e9 na Karla Maye, nejv\u011bt\u0161\u00edho vypr\u00e1v\u011b\u010de v\u0161ech dob. I kdy\u017e v USA ani jinde nebyl, popsal v\u0161e dopodrobna, proto\u017ee si to nastudoval v map\u00e1ch a jin\u00fdch knih\u00e1ch. S\u00e1m se vydal na cesty a\u017e hodn\u011b pozd\u011bji, kdy\u017e u\u017e vlastn\u011b byl knihy naps\u00e1ny. Ale o tom si budete muset p\u0159e\u010d\u00edst a\u017e v p\u0159\u00ed\u0161t\u00edm \u010dl\u00e1nku. \u00a0                                                                                                                                                                                                                                                                                                                                                                                        4.6\/5 - (5 votes)        "},{"@context":"https:\/\/schema.org\/","@type":"BreadcrumbList","itemListElement":[{"@type":"ListItem","position":1,"name":"Mal\u00ed \u010dten\u00e1\u0159i","item":"https:\/\/www.anpu.cz\/mali-ctenari\/#breadcrumbitem"}]}]